{"id":991,"date":"2026-02-23T11:35:04","date_gmt":"2026-02-23T10:35:04","guid":{"rendered":"https:\/\/www.famiglieincamminocastelleone.it\/wps\/?p=991"},"modified":"2026-02-23T11:37:49","modified_gmt":"2026-02-23T10:37:49","slug":"convocazione-assemblea-dei-soci-per-martedi-17-marzo","status":"publish","type":"post","link":"https:\/\/www.famiglieincamminocastelleone.it\/wps\/2026\/02\/23\/convocazione-assemblea-dei-soci-per-martedi-17-marzo\/","title":{"rendered":"Convocazione assemblea dei soci per la serata di marted\u00ec 17 marzo"},"content":{"rendered":"<p>\u00c8 convocata l&#8217;assemblea annuale dei soci per il giorno&nbsp;<strong>marted\u00ec 17 marzo 2026&nbsp;<\/strong>alle ore 21&nbsp;presso la sede di via Beccadello 2 a Castelleone.<\/p>\n<p>Presenteremo il bilancio per l&#8217;approvazione e dedicheremo tempo per dirci il presente e il futuro dell&#8217;associazione.<\/p>\n<p>Hanno diritto di voto i soci in regola con il pagamento della quota annuale; l&#8217;assemblea \u00e8 comunque aperta a tutti, occasione di scambio e di confronto.<\/p>\n<p>La sede sar\u00e0 aperta dalle 20.30 per consentire il pagamento della quota per chi non l&#8217;avesse ancora fatto.<\/p>\n<p><em>Le quote di adesione (socio o amico) sono confermate in \u20ac 10,00 per i singoli e in \u20ac 15,00 per le coppie.&nbsp;<\/em><\/p>\n<p>Vi aspettiamo numerosi!<\/p>\n","protected":false},"excerpt":{"rendered":"<p>\u00c8 convocata l&#8217;assemblea annuale dei soci per il giorno&nbsp;marted\u00ec 17 marzo 2026&nbsp;alle ore 21&nbsp;presso la sede di via Beccadello 2 a Castelleone. Presenteremo il bilancio per l&#8217;approvazione e dedicheremo tempo per dirci il presente e il futuro dell&#8217;associazione. Hanno diritto di voto i soci in regola con il pagamento della quota annuale; l&#8217;assemblea \u00e8 comunque&hellip;&nbsp;<a href=\"https:\/\/www.famiglieincamminocastelleone.it\/wps\/2026\/02\/23\/convocazione-assemblea-dei-soci-per-martedi-17-marzo\/\" rel=\"bookmark\">Leggi tutto &raquo;<span class=\"screen-reader-text\">Convocazione assemblea dei soci per la serata di marted\u00ec 17 marzo<\/span><\/a><\/p>\n","protected":false},"author":1,"featured_media":992,"comment_status":"open","ping_status":"open","sticky":false,"template":"","format":"standard","meta":{"rop_custom_images_group":[],"rop_custom_messages_group":[],"rop_publish_now":"initial","rop_publish_now_accounts":[],"rop_publish_now_history":[],"rop_publish_now_status":"pending","neve_meta_sidebar":"","neve_meta_container":"","neve_meta_enable_content_width":"off","neve_meta_content_width":70,"neve_meta_title_alignment":"","neve_meta_author_avatar":"","neve_post_elements_order":"","neve_meta_disable_header":"","neve_meta_disable_footer":"","neve_meta_disable_title":"","cybocfi_hide_featured_image":"","footnotes":""},"categories":[5],"tags":[],"class_list":["post-991","post","type-post","status-publish","format-standard","has-post-thumbnail","hentry","category-notizie"],"aioseo_notices":[],"aioseo_head":"\n\t\t<!-- All in One SEO 5.0.1.1 - aioseo.com -->\n\t<meta name=\"description\" content=\"\u00c8 convocata l&#039;assemblea annuale dei soci per il giorno marted\u00ec 17 marzo 2026 alle ore 21 presso la sede di via Beccadello 2 a Castelleone. Presenteremo il bilancio per l&#039;approvazione e dedicheremo tempo per dirci il presente e il futuro dell&#039;associazione. Hanno diritto di voto i soci in regola con il pagamento della quota annuale; l&#039;assemblea \u00e8 comunque\" \/>\n\t<meta name=\"robots\" content=\"max-image-preview:large\" \/>\n\t<meta name=\"author\" content=\"admin\"\/>\n\t<link rel=\"canonical\" href=\"https:\/\/www.famiglieincamminocastelleone.it\/wps\/2026\/02\/23\/convocazione-assemblea-dei-soci-per-martedi-17-marzo\/\" \/>\n\t<meta name=\"generator\" content=\"All in One SEO (AIOSEO) 5.0.1.1\" \/>\n\t\t<meta property=\"og:locale\" content=\"it_IT\" \/>\n\t\t<meta property=\"og:site_name\" content=\"Associazione Famiglie in Cammino Castelleone -\" \/>\n\t\t<meta property=\"og:type\" content=\"article\" \/>\n\t\t<meta property=\"og:title\" content=\"Convocazione assemblea dei soci per la serata di marted\u00ec 17 marzo - Associazione Famiglie in Cammino Castelleone\" \/>\n\t\t<meta property=\"og:description\" content=\"\u00c8 convocata l&#039;assemblea annuale dei soci per il giorno marted\u00ec 17 marzo 2026 alle ore 21 presso la sede di via Beccadello 2 a Castelleone. Presenteremo il bilancio per l&#039;approvazione e dedicheremo tempo per dirci il presente e il futuro dell&#039;associazione. Hanno diritto di voto i soci in regola con il pagamento della quota annuale; l&#039;assemblea \u00e8 comunque\" \/>\n\t\t<meta property=\"og:url\" content=\"https:\/\/www.famiglieincamminocastelleone.it\/wps\/2026\/02\/23\/convocazione-assemblea-dei-soci-per-martedi-17-marzo\/\" \/>\n\t\t<meta property=\"og:image\" content=\"https:\/\/www.famiglieincamminocastelleone.it\/wps\/wp-content\/uploads\/2023\/09\/cropped-logo-1.png\" \/>\n\t\t<meta property=\"og:image:secure_url\" content=\"https:\/\/www.famiglieincamminocastelleone.it\/wps\/wp-content\/uploads\/2023\/09\/cropped-logo-1.png\" \/>\n\t\t<meta property=\"article:published_time\" content=\"2026-02-23T10:35:04+00:00\" \/>\n\t\t<meta property=\"article:modified_time\" content=\"2026-02-23T10:37:49+00:00\" \/>\n\t\t<meta name=\"twitter:card\" content=\"summary_large_image\" \/>\n\t\t<meta name=\"twitter:title\" content=\"Convocazione assemblea dei soci per la serata di marted\u00ec 17 marzo - Associazione Famiglie in Cammino Castelleone\" \/>\n\t\t<meta name=\"twitter:description\" content=\"\u00c8 convocata l&#039;assemblea annuale dei soci per il giorno marted\u00ec 17 marzo 2026 alle ore 21 presso la sede di via Beccadello 2 a Castelleone. Presenteremo il bilancio per l&#039;approvazione e dedicheremo tempo per dirci il presente e il futuro dell&#039;associazione. Hanno diritto di voto i soci in regola con il pagamento della quota annuale; l&#039;assemblea \u00e8 comunque\" \/>\n\t\t<meta name=\"twitter:image\" content=\"https:\/\/www.famiglieincamminocastelleone.it\/wps\/wp-content\/uploads\/2023\/09\/cropped-logo-1.png\" \/>\n\t\t<script type=\"application\/ld+json\" class=\"aioseo-schema\">\n\t\t\t{\"@context\":\"https:\\\/\\\/schema.org\",\"@graph\":[{\"@type\":\"BlogPosting\",\"@id\":\"https:\\\/\\\/www.famiglieincamminocastelleone.it\\\/wps\\\/2026\\\/02\\\/23\\\/convocazione-assemblea-dei-soci-per-martedi-17-marzo\\\/#blogposting\",\"name\":\"Convocazione assemblea dei soci per la serata di marted\\u00ec 17 marzo - Associazione Famiglie in Cammino Castelleone\",\"headline\":\"Convocazione assemblea dei soci per la serata di marted\\u00ec 17 marzo\",\"author\":{\"@id\":\"https:\\\/\\\/www.famiglieincamminocastelleone.it\\\/wps\\\/author\\\/admin\\\/#author\"},\"publisher\":{\"@id\":\"https:\\\/\\\/www.famiglieincamminocastelleone.it\\\/wps\\\/#organization\"},\"image\":{\"@type\":\"ImageObject\",\"url\":\"https:\\\/\\\/www.famiglieincamminocastelleone.it\\\/wps\\\/wp-content\\\/uploads\\\/2026\\\/02\\\/assemblea.jpg\",\"width\":896,\"height\":1195},\"datePublished\":\"2026-02-23T11:35:04+01:00\",\"dateModified\":\"2026-02-23T11:37:49+01:00\",\"inLanguage\":\"it-IT\",\"mainEntityOfPage\":{\"@id\":\"https:\\\/\\\/www.famiglieincamminocastelleone.it\\\/wps\\\/2026\\\/02\\\/23\\\/convocazione-assemblea-dei-soci-per-martedi-17-marzo\\\/#webpage\"},\"isPartOf\":{\"@id\":\"https:\\\/\\\/www.famiglieincamminocastelleone.it\\\/wps\\\/2026\\\/02\\\/23\\\/convocazione-assemblea-dei-soci-per-martedi-17-marzo\\\/#webpage\"},\"articleSection\":\"Notizie\"},{\"@type\":\"BreadcrumbList\",\"@id\":\"https:\\\/\\\/www.famiglieincamminocastelleone.it\\\/wps\\\/2026\\\/02\\\/23\\\/convocazione-assemblea-dei-soci-per-martedi-17-marzo\\\/#breadcrumblist\",\"itemListElement\":[{\"@type\":\"ListItem\",\"@id\":\"https:\\\/\\\/www.famiglieincamminocastelleone.it\\\/wps#listItem\",\"position\":1,\"name\":\"Home\",\"item\":\"https:\\\/\\\/www.famiglieincamminocastelleone.it\\\/wps\",\"nextItem\":{\"@type\":\"ListItem\",\"@id\":\"https:\\\/\\\/www.famiglieincamminocastelleone.it\\\/wps\\\/category\\\/notizie\\\/#listItem\",\"name\":\"Notizie\"}},{\"@type\":\"ListItem\",\"@id\":\"https:\\\/\\\/www.famiglieincamminocastelleone.it\\\/wps\\\/category\\\/notizie\\\/#listItem\",\"position\":2,\"name\":\"Notizie\",\"item\":\"https:\\\/\\\/www.famiglieincamminocastelleone.it\\\/wps\\\/category\\\/notizie\\\/\",\"nextItem\":{\"@type\":\"ListItem\",\"@id\":\"https:\\\/\\\/www.famiglieincamminocastelleone.it\\\/wps\\\/2026\\\/02\\\/23\\\/convocazione-assemblea-dei-soci-per-martedi-17-marzo\\\/#listItem\",\"name\":\"Convocazione assemblea dei soci per la serata di marted\\u00ec 17 marzo\"},\"previousItem\":{\"@type\":\"ListItem\",\"@id\":\"https:\\\/\\\/www.famiglieincamminocastelleone.it\\\/wps#listItem\",\"name\":\"Home\"}},{\"@type\":\"ListItem\",\"@id\":\"https:\\\/\\\/www.famiglieincamminocastelleone.it\\\/wps\\\/2026\\\/02\\\/23\\\/convocazione-assemblea-dei-soci-per-martedi-17-marzo\\\/#listItem\",\"position\":3,\"name\":\"Convocazione assemblea dei soci per la serata di marted\\u00ec 17 marzo\",\"previousItem\":{\"@type\":\"ListItem\",\"@id\":\"https:\\\/\\\/www.famiglieincamminocastelleone.it\\\/wps\\\/category\\\/notizie\\\/#listItem\",\"name\":\"Notizie\"}}]},{\"@type\":\"Organization\",\"@id\":\"https:\\\/\\\/www.famiglieincamminocastelleone.it\\\/wps\\\/#organization\",\"name\":\"Famiglie in Cammino - Castelleone\",\"url\":\"https:\\\/\\\/www.famiglieincamminocastelleone.it\\\/wps\\\/\",\"logo\":{\"@type\":\"ImageObject\",\"url\":\"https:\\\/\\\/www.famiglieincamminocastelleone.it\\\/wps\\\/wp-content\\\/uploads\\\/2023\\\/09\\\/cropped-logo-1.png\",\"@id\":\"https:\\\/\\\/www.famiglieincamminocastelleone.it\\\/wps\\\/2026\\\/02\\\/23\\\/convocazione-assemblea-dei-soci-per-martedi-17-marzo\\\/#organizationLogo\",\"width\":185,\"height\":65},\"image\":{\"@id\":\"https:\\\/\\\/www.famiglieincamminocastelleone.it\\\/wps\\\/2026\\\/02\\\/23\\\/convocazione-assemblea-dei-soci-per-martedi-17-marzo\\\/#organizationLogo\"}},{\"@type\":\"Person\",\"@id\":\"https:\\\/\\\/www.famiglieincamminocastelleone.it\\\/wps\\\/author\\\/admin\\\/#author\",\"url\":\"https:\\\/\\\/www.famiglieincamminocastelleone.it\\\/wps\\\/author\\\/admin\\\/\",\"name\":\"admin\",\"image\":{\"@type\":\"ImageObject\",\"@id\":\"https:\\\/\\\/www.famiglieincamminocastelleone.it\\\/wps\\\/2026\\\/02\\\/23\\\/convocazione-assemblea-dei-soci-per-martedi-17-marzo\\\/#authorImage\",\"url\":\"https:\\\/\\\/secure.gravatar.com\\\/avatar\\\/c4115756a5ff497e89e971beba05e08df15040f042d3f70242923b9ed761e364?s=96&d=mm&r=g\",\"width\":96,\"height\":96,\"caption\":\"admin\"}},{\"@type\":\"WebPage\",\"@id\":\"https:\\\/\\\/www.famiglieincamminocastelleone.it\\\/wps\\\/2026\\\/02\\\/23\\\/convocazione-assemblea-dei-soci-per-martedi-17-marzo\\\/#webpage\",\"url\":\"https:\\\/\\\/www.famiglieincamminocastelleone.it\\\/wps\\\/2026\\\/02\\\/23\\\/convocazione-assemblea-dei-soci-per-martedi-17-marzo\\\/\",\"name\":\"Convocazione assemblea dei soci per la serata di marted\\u00ec 17 marzo - Associazione Famiglie in Cammino Castelleone\",\"description\":\"\\u00c8 convocata l'assemblea annuale dei soci per il giorno marted\\u00ec 17 marzo 2026 alle ore 21 presso la sede di via Beccadello 2 a Castelleone. Presenteremo il bilancio per l'approvazione e dedicheremo tempo per dirci il presente e il futuro dell'associazione. Hanno diritto di voto i soci in regola con il pagamento della quota annuale; l'assemblea \\u00e8 comunque\",\"inLanguage\":\"it-IT\",\"isPartOf\":{\"@id\":\"https:\\\/\\\/www.famiglieincamminocastelleone.it\\\/wps\\\/#website\"},\"breadcrumb\":{\"@id\":\"https:\\\/\\\/www.famiglieincamminocastelleone.it\\\/wps\\\/2026\\\/02\\\/23\\\/convocazione-assemblea-dei-soci-per-martedi-17-marzo\\\/#breadcrumblist\"},\"author\":{\"@id\":\"https:\\\/\\\/www.famiglieincamminocastelleone.it\\\/wps\\\/author\\\/admin\\\/#author\"},\"creator\":{\"@id\":\"https:\\\/\\\/www.famiglieincamminocastelleone.it\\\/wps\\\/author\\\/admin\\\/#author\"},\"image\":{\"@type\":\"ImageObject\",\"url\":\"https:\\\/\\\/www.famiglieincamminocastelleone.it\\\/wps\\\/wp-content\\\/uploads\\\/2026\\\/02\\\/assemblea.jpg\",\"@id\":\"https:\\\/\\\/www.famiglieincamminocastelleone.it\\\/wps\\\/2026\\\/02\\\/23\\\/convocazione-assemblea-dei-soci-per-martedi-17-marzo\\\/#mainImage\",\"width\":896,\"height\":1195},\"primaryImageOfPage\":{\"@id\":\"https:\\\/\\\/www.famiglieincamminocastelleone.it\\\/wps\\\/2026\\\/02\\\/23\\\/convocazione-assemblea-dei-soci-per-martedi-17-marzo\\\/#mainImage\"},\"datePublished\":\"2026-02-23T11:35:04+01:00\",\"dateModified\":\"2026-02-23T11:37:49+01:00\"},{\"@type\":\"WebSite\",\"@id\":\"https:\\\/\\\/www.famiglieincamminocastelleone.it\\\/wps\\\/#website\",\"url\":\"https:\\\/\\\/www.famiglieincamminocastelleone.it\\\/wps\\\/\",\"name\":\"Famiglie in Cammino - Castelleone\",\"inLanguage\":\"it-IT\",\"publisher\":{\"@id\":\"https:\\\/\\\/www.famiglieincamminocastelleone.it\\\/wps\\\/#organization\"}}]}\n\t\t<\/script>\n\t\t<!-- All in One SEO -->\n\n","aioseo_head_json":{"title":"Convocazione assemblea dei soci per la serata di marted\u00ec 17 marzo - Associazione Famiglie in Cammino Castelleone","description":"\u00c8 convocata l'assemblea annuale dei soci per il giorno marted\u00ec 17 marzo 2026 alle ore 21 presso la sede di via Beccadello 2 a Castelleone. Presenteremo il bilancio per l'approvazione e dedicheremo tempo per dirci il presente e il futuro dell'associazione. Hanno diritto di voto i soci in regola con il pagamento della quota annuale; l'assemblea \u00e8 comunque","canonical_url":"https:\/\/www.famiglieincamminocastelleone.it\/wps\/2026\/02\/23\/convocazione-assemblea-dei-soci-per-martedi-17-marzo\/","robots":"max-image-preview:large","keywords":"","webmasterTools":{"miscellaneous":""},"schema":{"@context":"https:\/\/schema.org","@graph":[{"@type":"BlogPosting","@id":"https:\/\/www.famiglieincamminocastelleone.it\/wps\/2026\/02\/23\/convocazione-assemblea-dei-soci-per-martedi-17-marzo\/#blogposting","name":"Convocazione assemblea dei soci per la serata di marted\u00ec 17 marzo - Associazione Famiglie in Cammino Castelleone","headline":"Convocazione assemblea dei soci per la serata di marted\u00ec 17 marzo","author":{"@id":"https:\/\/www.famiglieincamminocastelleone.it\/wps\/author\/admin\/#author"},"publisher":{"@id":"https:\/\/www.famiglieincamminocastelleone.it\/wps\/#organization"},"image":{"@type":"ImageObject","url":"https:\/\/www.famiglieincamminocastelleone.it\/wps\/wp-content\/uploads\/2026\/02\/assemblea.jpg","width":896,"height":1195},"datePublished":"2026-02-23T11:35:04+01:00","dateModified":"2026-02-23T11:37:49+01:00","inLanguage":"it-IT","mainEntityOfPage":{"@id":"https:\/\/www.famiglieincamminocastelleone.it\/wps\/2026\/02\/23\/convocazione-assemblea-dei-soci-per-martedi-17-marzo\/#webpage"},"isPartOf":{"@id":"https:\/\/www.famiglieincamminocastelleone.it\/wps\/2026\/02\/23\/convocazione-assemblea-dei-soci-per-martedi-17-marzo\/#webpage"},"articleSection":"Notizie"},{"@type":"BreadcrumbList","@id":"https:\/\/www.famiglieincamminocastelleone.it\/wps\/2026\/02\/23\/convocazione-assemblea-dei-soci-per-martedi-17-marzo\/#breadcrumblist","itemListElement":[{"@type":"ListItem","@id":"https:\/\/www.famiglieincamminocastelleone.it\/wps#listItem","position":1,"name":"Home","item":"https:\/\/www.famiglieincamminocastelleone.it\/wps","nextItem":{"@type":"ListItem","@id":"https:\/\/www.famiglieincamminocastelleone.it\/wps\/category\/notizie\/#listItem","name":"Notizie"}},{"@type":"ListItem","@id":"https:\/\/www.famiglieincamminocastelleone.it\/wps\/category\/notizie\/#listItem","position":2,"name":"Notizie","item":"https:\/\/www.famiglieincamminocastelleone.it\/wps\/category\/notizie\/","nextItem":{"@type":"ListItem","@id":"https:\/\/www.famiglieincamminocastelleone.it\/wps\/2026\/02\/23\/convocazione-assemblea-dei-soci-per-martedi-17-marzo\/#listItem","name":"Convocazione assemblea dei soci per la serata di marted\u00ec 17 marzo"},"previousItem":{"@type":"ListItem","@id":"https:\/\/www.famiglieincamminocastelleone.it\/wps#listItem","name":"Home"}},{"@type":"ListItem","@id":"https:\/\/www.famiglieincamminocastelleone.it\/wps\/2026\/02\/23\/convocazione-assemblea-dei-soci-per-martedi-17-marzo\/#listItem","position":3,"name":"Convocazione assemblea dei soci per la serata di marted\u00ec 17 marzo","previousItem":{"@type":"ListItem","@id":"https:\/\/www.famiglieincamminocastelleone.it\/wps\/category\/notizie\/#listItem","name":"Notizie"}}]},{"@type":"Organization","@id":"https:\/\/www.famiglieincamminocastelleone.it\/wps\/#organization","name":"Famiglie in Cammino - Castelleone","url":"https:\/\/www.famiglieincamminocastelleone.it\/wps\/","logo":{"@type":"ImageObject","url":"https:\/\/www.famiglieincamminocastelleone.it\/wps\/wp-content\/uploads\/2023\/09\/cropped-logo-1.png","@id":"https:\/\/www.famiglieincamminocastelleone.it\/wps\/2026\/02\/23\/convocazione-assemblea-dei-soci-per-martedi-17-marzo\/#organizationLogo","width":185,"height":65},"image":{"@id":"https:\/\/www.famiglieincamminocastelleone.it\/wps\/2026\/02\/23\/convocazione-assemblea-dei-soci-per-martedi-17-marzo\/#organizationLogo"}},{"@type":"Person","@id":"https:\/\/www.famiglieincamminocastelleone.it\/wps\/author\/admin\/#author","url":"https:\/\/www.famiglieincamminocastelleone.it\/wps\/author\/admin\/","name":"admin","image":{"@type":"ImageObject","@id":"https:\/\/www.famiglieincamminocastelleone.it\/wps\/2026\/02\/23\/convocazione-assemblea-dei-soci-per-martedi-17-marzo\/#authorImage","url":"https:\/\/secure.gravatar.com\/avatar\/c4115756a5ff497e89e971beba05e08df15040f042d3f70242923b9ed761e364?s=96&d=mm&r=g","width":96,"height":96,"caption":"admin"}},{"@type":"WebPage","@id":"https:\/\/www.famiglieincamminocastelleone.it\/wps\/2026\/02\/23\/convocazione-assemblea-dei-soci-per-martedi-17-marzo\/#webpage","url":"https:\/\/www.famiglieincamminocastelleone.it\/wps\/2026\/02\/23\/convocazione-assemblea-dei-soci-per-martedi-17-marzo\/","name":"Convocazione assemblea dei soci per la serata di marted\u00ec 17 marzo - Associazione Famiglie in Cammino Castelleone","description":"\u00c8 convocata l'assemblea annuale dei soci per il giorno marted\u00ec 17 marzo 2026 alle ore 21 presso la sede di via Beccadello 2 a Castelleone. Presenteremo il bilancio per l'approvazione e dedicheremo tempo per dirci il presente e il futuro dell'associazione. Hanno diritto di voto i soci in regola con il pagamento della quota annuale; l'assemblea \u00e8 comunque","inLanguage":"it-IT","isPartOf":{"@id":"https:\/\/www.famiglieincamminocastelleone.it\/wps\/#website"},"breadcrumb":{"@id":"https:\/\/www.famiglieincamminocastelleone.it\/wps\/2026\/02\/23\/convocazione-assemblea-dei-soci-per-martedi-17-marzo\/#breadcrumblist"},"author":{"@id":"https:\/\/www.famiglieincamminocastelleone.it\/wps\/author\/admin\/#author"},"creator":{"@id":"https:\/\/www.famiglieincamminocastelleone.it\/wps\/author\/admin\/#author"},"image":{"@type":"ImageObject","url":"https:\/\/www.famiglieincamminocastelleone.it\/wps\/wp-content\/uploads\/2026\/02\/assemblea.jpg","@id":"https:\/\/www.famiglieincamminocastelleone.it\/wps\/2026\/02\/23\/convocazione-assemblea-dei-soci-per-martedi-17-marzo\/#mainImage","width":896,"height":1195},"primaryImageOfPage":{"@id":"https:\/\/www.famiglieincamminocastelleone.it\/wps\/2026\/02\/23\/convocazione-assemblea-dei-soci-per-martedi-17-marzo\/#mainImage"},"datePublished":"2026-02-23T11:35:04+01:00","dateModified":"2026-02-23T11:37:49+01:00"},{"@type":"WebSite","@id":"https:\/\/www.famiglieincamminocastelleone.it\/wps\/#website","url":"https:\/\/www.famiglieincamminocastelleone.it\/wps\/","name":"Famiglie in Cammino - Castelleone","inLanguage":"it-IT","publisher":{"@id":"https:\/\/www.famiglieincamminocastelleone.it\/wps\/#organization"}}]},"og:locale":"it_IT","og:site_name":"Associazione Famiglie in Cammino Castelleone -","og:type":"article","og:title":"Convocazione assemblea dei soci per la serata di marted\u00ec 17 marzo - Associazione Famiglie in Cammino Castelleone","og:description":"\u00c8 convocata l'assemblea annuale dei soci per il giorno marted\u00ec 17 marzo 2026 alle ore 21 presso la sede di via Beccadello 2 a Castelleone. Presenteremo il bilancio per l'approvazione e dedicheremo tempo per dirci il presente e il futuro dell'associazione. Hanno diritto di voto i soci in regola con il pagamento della quota annuale; l'assemblea \u00e8 comunque","og:url":"https:\/\/www.famiglieincamminocastelleone.it\/wps\/2026\/02\/23\/convocazione-assemblea-dei-soci-per-martedi-17-marzo\/","og:image":"https:\/\/www.famiglieincamminocastelleone.it\/wps\/wp-content\/uploads\/2023\/09\/cropped-logo-1.png","og:image:secure_url":"https:\/\/www.famiglieincamminocastelleone.it\/wps\/wp-content\/uploads\/2023\/09\/cropped-logo-1.png","article:published_time":"2026-02-23T10:35:04+00:00","article:modified_time":"2026-02-23T10:37:49+00:00","twitter:card":"summary_large_image","twitter:title":"Convocazione assemblea dei soci per la serata di marted\u00ec 17 marzo - Associazione Famiglie in Cammino Castelleone","twitter:description":"\u00c8 convocata l'assemblea annuale dei soci per il giorno marted\u00ec 17 marzo 2026 alle ore 21 presso la sede di via Beccadello 2 a Castelleone. Presenteremo il bilancio per l'approvazione e dedicheremo tempo per dirci il presente e il futuro dell'associazione. Hanno diritto di voto i soci in regola con il pagamento della quota annuale; l'assemblea \u00e8 comunque","twitter:image":"https:\/\/www.famiglieincamminocastelleone.it\/wps\/wp-content\/uploads\/2023\/09\/cropped-logo-1.png"},"aioseo_meta_data":{"post_id":"991","title":null,"description":null,"keywords":null,"keyphrases":{"focus":{"keyphrase":"","score":0,"analysis":{"keyphraseInTitle":{"score":0,"maxScore":9,"error":1}}},"additional":[]},"primary_term":null,"canonical_url":null,"og_title":null,"og_description":null,"og_object_type":"default","og_image_type":"default","og_image_url":null,"og_image_width":null,"og_image_height":null,"og_image_custom_url":null,"og_image_custom_fields":null,"og_video":"","og_custom_url":null,"og_article_section":null,"og_article_tags":null,"twitter_use_og":false,"twitter_card":"default","twitter_image_type":"default","twitter_image_url":null,"twitter_image_custom_url":null,"twitter_image_custom_fields":null,"twitter_title":null,"twitter_description":null,"schema":{"blockGraphs":[],"customGraphs":[],"default":{"data":{"Article":[],"Course":[],"Dataset":[],"FAQPage":[],"Movie":[],"Person":[],"Product":[],"ProductReview":[],"Car":[],"Recipe":[],"Service":[],"SoftwareApplication":[],"WebPage":[]},"graphName":"BlogPosting","isEnabled":true},"graphs":[]},"schema_type":"default","schema_type_options":null,"pillar_content":false,"robots_default":true,"robots_noindex":false,"robots_noarchive":false,"robots_nosnippet":false,"robots_nofollow":false,"robots_noimageindex":false,"robots_noodp":false,"robots_notranslate":false,"robots_max_snippet":"-1","robots_max_videopreview":"-1","robots_max_imagepreview":"large","priority":null,"frequency":"default","local_seo":null,"breadcrumb_settings":null,"limit_modified_date":false,"ai":{"faqs":[],"keyPoints":[],"titles":[],"descriptions":[],"socialPosts":{"email":[],"linkedin":[],"twitter":[],"facebook":[],"instagram":[]}},"created":"2026-02-23 10:35:04","updated":"2026-02-23 10:38:07","seo_analyzer_scan_date":null,"focus_keyword":null,"additional_keywords":null,"truseo_locale":null},"aioseo_breadcrumb":"<div class=\"aioseo-breadcrumbs\"><span class=\"aioseo-breadcrumb\">\n\t\t\t<a href=\"https:\/\/www.famiglieincamminocastelleone.it\/wps\" title=\"Home\">Home<\/a>\n\t\t<\/span><span class=\"aioseo-breadcrumb-separator\">&raquo;<\/span><span class=\"aioseo-breadcrumb\">\n\t\t\t<a href=\"https:\/\/www.famiglieincamminocastelleone.it\/wps\/category\/notizie\/\" title=\"Notizie\">Notizie<\/a>\n\t\t<\/span><span class=\"aioseo-breadcrumb-separator\">&raquo;<\/span><span class=\"aioseo-breadcrumb\">\n\t\t\tConvocazione assemblea dei soci per la serata di marted\u00ec 17 marzo\n\t\t<\/span><\/div>","aioseo_breadcrumb_json":[{"label":"Home","link":"https:\/\/www.famiglieincamminocastelleone.it\/wps"},{"label":"Notizie","link":"https:\/\/www.famiglieincamminocastelleone.it\/wps\/category\/notizie\/"},{"label":"Convocazione assemblea dei soci per la serata di marted\u00ec 17 marzo","link":"https:\/\/www.famiglieincamminocastelleone.it\/wps\/2026\/02\/23\/convocazione-assemblea-dei-soci-per-martedi-17-marzo\/"}],"_links":{"self":[{"href":"https:\/\/www.famiglieincamminocastelleone.it\/wps\/wp-json\/wp\/v2\/posts\/991","targetHints":{"allow":["GET"]}}],"collection":[{"href":"https:\/\/www.famiglieincamminocastelleone.it\/wps\/wp-json\/wp\/v2\/posts"}],"about":[{"href":"https:\/\/www.famiglieincamminocastelleone.it\/wps\/wp-json\/wp\/v2\/types\/post"}],"author":[{"embeddable":true,"href":"https:\/\/www.famiglieincamminocastelleone.it\/wps\/wp-json\/wp\/v2\/users\/1"}],"replies":[{"embeddable":true,"href":"https:\/\/www.famiglieincamminocastelleone.it\/wps\/wp-json\/wp\/v2\/comments?post=991"}],"version-history":[{"count":3,"href":"https:\/\/www.famiglieincamminocastelleone.it\/wps\/wp-json\/wp\/v2\/posts\/991\/revisions"}],"predecessor-version":[{"id":995,"href":"https:\/\/www.famiglieincamminocastelleone.it\/wps\/wp-json\/wp\/v2\/posts\/991\/revisions\/995"}],"wp:featuredmedia":[{"embeddable":true,"href":"https:\/\/www.famiglieincamminocastelleone.it\/wps\/wp-json\/wp\/v2\/media\/992"}],"wp:attachment":[{"href":"https:\/\/www.famiglieincamminocastelleone.it\/wps\/wp-json\/wp\/v2\/media?parent=991"}],"wp:term":[{"taxonomy":"category","embeddable":true,"href":"https:\/\/www.famiglieincamminocastelleone.it\/wps\/wp-json\/wp\/v2\/categories?post=991"},{"taxonomy":"post_tag","embeddable":true,"href":"https:\/\/www.famiglieincamminocastelleone.it\/wps\/wp-json\/wp\/v2\/tags?post=991"}],"curies":[{"name":"wp","href":"https:\/\/api.w.org\/{rel}","templated":true}]}}